{"id":1542,"date":"2022-12-22T22:52:09","date_gmt":"2022-12-22T21:52:09","guid":{"rendered":"https:\/\/fabienne-weber.be\/?p=1542"},"modified":"2022-12-27T17:00:59","modified_gmt":"2022-12-27T16:00:59","slug":"soin-energetique-metatronique","status":"publish","type":"post","link":"https:\/\/fabienne-weber.be\/index.php\/2022\/12\/22\/soin-energetique-metatronique\/","title":{"rendered":"Formation Lib\u00e9ration du p\u00e9ricarde Humain et Equin"},"content":{"rendered":"<p><!-- <span style=\"color: #0000ff;\"><span style=\"display: inline-block; width: 0px; overflow: hidden; line-height: 0;\" data-mce-type=\"bookmark\" class=\"mce_SELRES_start\"><\/span><a href=\"https:\/\/fabienne-weber.be\/index.php\/formation-liberation-du-pericarde-humain-et-equin\/\"><span style=\"color: #2ea3f2;\"><span style=\"font-family: Helvetica, serif;\"><span style=\"font-size: small;\">Formation Lib\u00e9ration du p\u00e9ricarde Humain et Equin<\/span><\/span><\/span><\/a><\/span> --><\/p>\n<p>&nbsp;<\/p>\n<p style=\"text-align: center;\">Pour cette formation aucun pr\u00e9 requis n\u2019est demand\u00e9, elle s\u2019adresse aux praticiens et aux personnes d\u00e9sireuses de se reconnecter avec le c\u0153ur. Je vous recommande de recevoir au moins un soin de Lib\u00e9ration du P\u00e9ricarde avant la formation pour ressentir la puissance de celui-ci.<\/p>\n<p>&nbsp;<\/p>\n<p style=\"text-align: center;\"><a href=\"https:\/\/fabienne-weber.be\/index.php\/formation-liberation-du-pericarde-humain-et-equin\/\">\u00a0. . . lire la suite . . .<\/a><\/p>\n<p>&nbsp;<\/p>\n<p>&nbsp;<\/p>\n","protected":false},"excerpt":{"rendered":"<p>&nbsp; Pour cette formation aucun pr\u00e9 requis n\u2019est demand\u00e9, elle s\u2019adresse aux praticiens et aux personnes d\u00e9sireuses de se reconnecter avec le c\u0153ur. Je vous recommande de recevoir au moins un soin de Lib\u00e9ration du P\u00e9ricarde avant la formation pour &hellip; <a href=\"https:\/\/fabienne-weber.be\/index.php\/2022\/12\/22\/soin-energetique-metatronique\/\">Lire la suite\u00ad\u00ad<\/a><\/p>\n","protected":false},"author":1,"featured_media":887,"comment_status":"open","ping_status":"open","sticky":false,"template":"elementor_header_footer","format":"standard","meta":{"kt_blocks_editor_width":""},"categories":[1],"tags":[],"_links":{"self":[{"href":"https:\/\/fabienne-weber.be\/index.php\/wp-json\/wp\/v2\/posts\/1542"}],"collection":[{"href":"https:\/\/fabienne-weber.be\/index.php\/wp-json\/wp\/v2\/posts"}],"about":[{"href":"https:\/\/fabienne-weber.be\/index.php\/wp-json\/wp\/v2\/types\/post"}],"author":[{"embeddable":true,"href":"https:\/\/fabienne-weber.be\/index.php\/wp-json\/wp\/v2\/users\/1"}],"replies":[{"embeddable":true,"href":"https:\/\/fabienne-weber.be\/index.php\/wp-json\/wp\/v2\/comments?post=1542"}],"version-history":[{"count":5,"href":"https:\/\/fabienne-weber.be\/index.php\/wp-json\/wp\/v2\/posts\/1542\/revisions"}],"predecessor-version":[{"id":1645,"href":"https:\/\/fabienne-weber.be\/index.php\/wp-json\/wp\/v2\/posts\/1542\/revisions\/1645"}],"wp:featuredmedia":[{"embeddable":true,"href":"https:\/\/fabienne-weber.be\/index.php\/wp-json\/wp\/v2\/media\/887"}],"wp:attachment":[{"href":"https:\/\/fabienne-weber.be\/index.php\/wp-json\/wp\/v2\/media?parent=1542"}],"wp:term":[{"taxonomy":"category","embeddable":true,"href":"https:\/\/fabienne-weber.be\/index.php\/wp-json\/wp\/v2\/categories?post=1542"},{"taxonomy":"post_tag","embeddable":true,"href":"https:\/\/fabienne-weber.be\/index.php\/wp-json\/wp\/v2\/tags?post=1542"}],"curies":[{"name":"wp","href":"https:\/\/api.w.org\/{rel}","templated":true}]}}